{"id":722,"date":"2026-04-19T11:14:21","date_gmt":"2026-04-19T14:14:21","guid":{"rendered":"https:\/\/tirolesahoy.com\/?p=722"},"modified":"2026-04-27T11:15:23","modified_gmt":"2026-04-27T14:15:23","slug":"mas-conciencia-menos-velocidad-colonia-caroya-habilita-totems-preventivos-en-la-av-san-martin","status":"publish","type":"post","link":"https:\/\/tirolesahoy.com\/index.php\/2026\/04\/19\/mas-conciencia-menos-velocidad-colonia-caroya-habilita-totems-preventivos-en-la-av-san-martin\/","title":{"rendered":"M\u00e1s conciencia, menos velocidad: Colonia Caroya habilita t\u00f3tems preventivos en la Av. San Mart\u00edn"},"content":{"rendered":"<p>Con el objetivo de generar conciencia sobre la velocidad de veh\u00edculos en las calles de la ciudad, la Municipalidad habilit\u00f3 hoy dos totems que indican la velocidad en dos sectores de la Av. San Mart\u00edn.<span id=\"more-22453\"><\/span><\/p>\n<p>Uno est\u00e1 ubicado a la altura de calle 3 para el sentido Oeste-Este y el otro en la intersecci\u00f3n de calle 28 para la mano Este-Oeste.<br \/>\nEstos dispositivos buscan crear concientizaci\u00f3n al mostrar en el letrero la velocidad en la que pasa el veh\u00edculo por el sector.<br \/>\nEn el sector, la Intendente Paola Nanini inform\u00f3 que se adquirir\u00e1n m\u00e1s medidores.<br \/>\nEl plan integral de seguridad vial continuar\u00e1 con la instalaci\u00f3n de equipos de sem\u00e1foros en el tramo entre el 2200 y 3600 de la Avenida y con las charlas y capacitaciones en escuelas, acci\u00f3n que se viene desarrollando desde hace varios a\u00f1os.<\/p>\n<p>M\u00e1s de mil actas en lo que va del a\u00f1o<br \/>\nEn ese mismo sentido, el \u00c1rea de Tr\u00e1nsito ya labr\u00f3 m\u00e1s de mil actas por infracciones en los tres meses y medio transcurridos del a\u00f1o.<br \/>\nEstas situaciones se detectan en los controles que hacen los inspectores en diferentes sectores de la ciudad y en diversos horarios del d\u00eda.<br \/>\nLa infracci\u00f3n m\u00e1s repetida es la ausencia de la licencia en el momento de la inspecci\u00f3n, por circular sin la cobertura de seguro obligatorio, y por circular con ocupantes sin colocarse el cintur\u00f3n de seguridad.<\/p>\n","protected":false},"excerpt":{"rendered":"<p>Con el objetivo de generar conciencia sobre la velocidad de veh\u00edculos en las calles de la ciudad, la Municipalidad habilit\u00f3 hoy dos totems que indican la velocidad en dos sectores de la Av. San Mart\u00edn. Uno est\u00e1 ubicado a la altura de calle 3 para el sentido Oeste-Este y el otro en la intersecci\u00f3n de&#8230;<\/p>\n","protected":false},"author":1,"featured_media":723,"comment_status":"closed","ping_status":"closed","sticky":false,"template":"","format":"standard","meta":{"_kad_post_transparent":"default","_kad_post_title":"default","_kad_post_layout":"default","_kad_post_sidebar_id":"","_kad_post_content_style":"default","_kad_post_vertical_padding":"default","_kad_post_feature":"","_kad_post_feature_position":"","_kad_post_header":false,"_kad_post_footer":false,"footnotes":""},"categories":[8],"tags":[],"yoast_head":"<!-- This site is optimized with the Yoast SEO plugin v23.4 - https:\/\/yoast.com\/wordpress\/plugins\/seo\/ -->\n<title>M\u00e1s conciencia, menos velocidad: Colonia Caroya habilita t\u00f3tems preventivos en la Av. San Mart\u00edn - tirolesahoy.com<\/title>\n<meta name=\"robots\" content=\"index, follow, max-snippet:-1, max-image-preview:large, max-video-preview:-1\" \/>\n<link rel=\"canonical\" href=\"https:\/\/tirolesahoy.com\/index.php\/2026\/04\/19\/mas-conciencia-menos-velocidad-colonia-caroya-habilita-totems-preventivos-en-la-av-san-martin\/\" \/>\n<meta property=\"og:locale\" content=\"en_US\" \/>\n<meta property=\"og:type\" content=\"article\" \/>\n<meta property=\"og:title\" content=\"M\u00e1s conciencia, menos velocidad: Colonia Caroya habilita t\u00f3tems preventivos en la Av. San Mart\u00edn - tirolesahoy.com\" \/>\n<meta property=\"og:description\" content=\"Con el objetivo de generar conciencia sobre la velocidad de veh\u00edculos en las calles de la ciudad, la Municipalidad habilit\u00f3 hoy dos totems que indican la velocidad en dos sectores de la Av. San Mart\u00edn. Uno est\u00e1 ubicado a la altura de calle 3 para el sentido Oeste-Este y el otro en la intersecci\u00f3n de...\" \/>\n<meta property=\"og:url\" content=\"https:\/\/tirolesahoy.com\/index.php\/2026\/04\/19\/mas-conciencia-menos-velocidad-colonia-caroya-habilita-totems-preventivos-en-la-av-san-martin\/\" \/>\n<meta property=\"og:site_name\" content=\"tirolesahoy.com\" \/>\n<meta property=\"article:published_time\" content=\"2026-04-19T14:14:21+00:00\" \/>\n<meta property=\"article:modified_time\" content=\"2026-04-27T14:15:23+00:00\" \/>\n<meta property=\"og:image\" content=\"http:\/\/tirolesahoy.com\/wp-content\/uploads\/2026\/04\/WhatsApp-Image-2026-04-17-at-17.15.58-710x480-2.jpeg\" \/>\n\t<meta property=\"og:image:width\" content=\"710\" \/>\n\t<meta property=\"og:image:height\" content=\"480\" \/>\n\t<meta property=\"og:image:type\" content=\"image\/jpeg\" \/>\n<meta name=\"author\" content=\"tirolesahoy.com\" \/>\n<meta name=\"twitter:card\" content=\"summary_large_image\" \/>\n<meta name=\"twitter:label1\" content=\"Written by\" \/>\n\t<meta name=\"twitter:data1\" content=\"tirolesahoy.com\" \/>\n\t<meta name=\"twitter:label2\" content=\"Est. reading time\" \/>\n\t<meta name=\"twitter:data2\" content=\"2 minutes\" \/>\n<script type=\"application\/ld+json\" class=\"yoast-schema-graph\">{\"@context\":\"https:\/\/schema.org\",\"@graph\":[{\"@type\":\"Article\",\"@id\":\"https:\/\/tirolesahoy.com\/index.php\/2026\/04\/19\/mas-conciencia-menos-velocidad-colonia-caroya-habilita-totems-preventivos-en-la-av-san-martin\/#article\",\"isPartOf\":{\"@id\":\"https:\/\/tirolesahoy.com\/index.php\/2026\/04\/19\/mas-conciencia-menos-velocidad-colonia-caroya-habilita-totems-preventivos-en-la-av-san-martin\/\"},\"author\":{\"name\":\"tirolesahoy.com\",\"@id\":\"https:\/\/tirolesahoy.com\/#\/schema\/person\/7fb1e2b33825c05b3324c98dd9415a63\"},\"headline\":\"M\u00e1s conciencia, menos velocidad: Colonia Caroya habilita t\u00f3tems preventivos en la Av. San Mart\u00edn\",\"datePublished\":\"2026-04-19T14:14:21+00:00\",\"dateModified\":\"2026-04-27T14:15:23+00:00\",\"mainEntityOfPage\":{\"@id\":\"https:\/\/tirolesahoy.com\/index.php\/2026\/04\/19\/mas-conciencia-menos-velocidad-colonia-caroya-habilita-totems-preventivos-en-la-av-san-martin\/\"},\"wordCount\":264,\"publisher\":{\"@id\":\"https:\/\/tirolesahoy.com\/#organization\"},\"image\":{\"@id\":\"https:\/\/tirolesahoy.com\/index.php\/2026\/04\/19\/mas-conciencia-menos-velocidad-colonia-caroya-habilita-totems-preventivos-en-la-av-san-martin\/#primaryimage\"},\"thumbnailUrl\":\"https:\/\/tirolesahoy.com\/wp-content\/uploads\/2026\/04\/WhatsApp-Image-2026-04-17-at-17.15.58-710x480-1.jpeg\",\"articleSection\":[\"sociales\"],\"inLanguage\":\"en-US\"},{\"@type\":\"WebPage\",\"@id\":\"https:\/\/tirolesahoy.com\/index.php\/2026\/04\/19\/mas-conciencia-menos-velocidad-colonia-caroya-habilita-totems-preventivos-en-la-av-san-martin\/\",\"url\":\"https:\/\/tirolesahoy.com\/index.php\/2026\/04\/19\/mas-conciencia-menos-velocidad-colonia-caroya-habilita-totems-preventivos-en-la-av-san-martin\/\",\"name\":\"M\u00e1s conciencia, menos velocidad: Colonia Caroya habilita t\u00f3tems preventivos en la Av. San Mart\u00edn - tirolesahoy.com\",\"isPartOf\":{\"@id\":\"https:\/\/tirolesahoy.com\/#website\"},\"primaryImageOfPage\":{\"@id\":\"https:\/\/tirolesahoy.com\/index.php\/2026\/04\/19\/mas-conciencia-menos-velocidad-colonia-caroya-habilita-totems-preventivos-en-la-av-san-martin\/#primaryimage\"},\"image\":{\"@id\":\"https:\/\/tirolesahoy.com\/index.php\/2026\/04\/19\/mas-conciencia-menos-velocidad-colonia-caroya-habilita-totems-preventivos-en-la-av-san-martin\/#primaryimage\"},\"thumbnailUrl\":\"https:\/\/tirolesahoy.com\/wp-content\/uploads\/2026\/04\/WhatsApp-Image-2026-04-17-at-17.15.58-710x480-1.jpeg\",\"datePublished\":\"2026-04-19T14:14:21+00:00\",\"dateModified\":\"2026-04-27T14:15:23+00:00\",\"breadcrumb\":{\"@id\":\"https:\/\/tirolesahoy.com\/index.php\/2026\/04\/19\/mas-conciencia-menos-velocidad-colonia-caroya-habilita-totems-preventivos-en-la-av-san-martin\/#breadcrumb\"},\"inLanguage\":\"en-US\",\"potentialAction\":[{\"@type\":\"ReadAction\",\"target\":[\"https:\/\/tirolesahoy.com\/index.php\/2026\/04\/19\/mas-conciencia-menos-velocidad-colonia-caroya-habilita-totems-preventivos-en-la-av-san-martin\/\"]}]},{\"@type\":\"ImageObject\",\"inLanguage\":\"en-US\",\"@id\":\"https:\/\/tirolesahoy.com\/index.php\/2026\/04\/19\/mas-conciencia-menos-velocidad-colonia-caroya-habilita-totems-preventivos-en-la-av-san-martin\/#primaryimage\",\"url\":\"https:\/\/tirolesahoy.com\/wp-content\/uploads\/2026\/04\/WhatsApp-Image-2026-04-17-at-17.15.58-710x480-1.jpeg\",\"contentUrl\":\"https:\/\/tirolesahoy.com\/wp-content\/uploads\/2026\/04\/WhatsApp-Image-2026-04-17-at-17.15.58-710x480-1.jpeg\",\"width\":710,\"height\":480},{\"@type\":\"BreadcrumbList\",\"@id\":\"https:\/\/tirolesahoy.com\/index.php\/2026\/04\/19\/mas-conciencia-menos-velocidad-colonia-caroya-habilita-totems-preventivos-en-la-av-san-martin\/#breadcrumb\",\"itemListElement\":[{\"@type\":\"ListItem\",\"position\":1,\"name\":\"Home\",\"item\":\"https:\/\/tirolesahoy.com\/\"},{\"@type\":\"ListItem\",\"position\":2,\"name\":\"M\u00e1s conciencia, menos velocidad: Colonia Caroya habilita t\u00f3tems preventivos en la Av. San Mart\u00edn\"}]},{\"@type\":\"WebSite\",\"@id\":\"https:\/\/tirolesahoy.com\/#website\",\"url\":\"https:\/\/tirolesahoy.com\/\",\"name\":\"tirolesahoy.com\",\"description\":\"\",\"publisher\":{\"@id\":\"https:\/\/tirolesahoy.com\/#organization\"},\"potentialAction\":[{\"@type\":\"SearchAction\",\"target\":{\"@type\":\"EntryPoint\",\"urlTemplate\":\"https:\/\/tirolesahoy.com\/?s={search_term_string}\"},\"query-input\":{\"@type\":\"PropertyValueSpecification\",\"valueRequired\":true,\"valueName\":\"search_term_string\"}}],\"inLanguage\":\"en-US\"},{\"@type\":\"Organization\",\"@id\":\"https:\/\/tirolesahoy.com\/#organization\",\"name\":\"tirolesahoy.com\",\"url\":\"https:\/\/tirolesahoy.com\/\",\"logo\":{\"@type\":\"ImageObject\",\"inLanguage\":\"en-US\",\"@id\":\"https:\/\/tirolesahoy.com\/#\/schema\/logo\/image\/\",\"url\":\"https:\/\/tirolesahoy.com\/wp-content\/uploads\/2024\/03\/LOGO-TH-8.png\",\"contentUrl\":\"https:\/\/tirolesahoy.com\/wp-content\/uploads\/2024\/03\/LOGO-TH-8.png\",\"width\":149,\"height\":93,\"caption\":\"tirolesahoy.com\"},\"image\":{\"@id\":\"https:\/\/tirolesahoy.com\/#\/schema\/logo\/image\/\"},\"sameAs\":[\"https:\/\/www.instagram.com\/tirolesahoy\/\"]},{\"@type\":\"Person\",\"@id\":\"https:\/\/tirolesahoy.com\/#\/schema\/person\/7fb1e2b33825c05b3324c98dd9415a63\",\"name\":\"tirolesahoy.com\",\"image\":{\"@type\":\"ImageObject\",\"inLanguage\":\"en-US\",\"@id\":\"https:\/\/tirolesahoy.com\/#\/schema\/person\/image\/\",\"url\":\"https:\/\/secure.gravatar.com\/avatar\/e3f77d046163f2c4e6977af93d588471?s=96&d=mm&r=g\",\"contentUrl\":\"https:\/\/secure.gravatar.com\/avatar\/e3f77d046163f2c4e6977af93d588471?s=96&d=mm&r=g\",\"caption\":\"tirolesahoy.com\"},\"sameAs\":[\"http:\/\/tirolesahoy.com\"],\"url\":\"https:\/\/tirolesahoy.com\/index.php\/author\/tirolesahoy-com\/\"}]}<\/script>\n<!-- \/ Yoast SEO plugin. -->","yoast_head_json":{"title":"M\u00e1s conciencia, menos velocidad: Colonia Caroya habilita t\u00f3tems preventivos en la Av. San Mart\u00edn - tirolesahoy.com","robots":{"index":"index","follow":"follow","max-snippet":"max-snippet:-1","max-image-preview":"max-image-preview:large","max-video-preview":"max-video-preview:-1"},"canonical":"https:\/\/tirolesahoy.com\/index.php\/2026\/04\/19\/mas-conciencia-menos-velocidad-colonia-caroya-habilita-totems-preventivos-en-la-av-san-martin\/","og_locale":"en_US","og_type":"article","og_title":"M\u00e1s conciencia, menos velocidad: Colonia Caroya habilita t\u00f3tems preventivos en la Av. San Mart\u00edn - tirolesahoy.com","og_description":"Con el objetivo de generar conciencia sobre la velocidad de veh\u00edculos en las calles de la ciudad, la Municipalidad habilit\u00f3 hoy dos totems que indican la velocidad en dos sectores de la Av. San Mart\u00edn. Uno est\u00e1 ubicado a la altura de calle 3 para el sentido Oeste-Este y el otro en la intersecci\u00f3n de...","og_url":"https:\/\/tirolesahoy.com\/index.php\/2026\/04\/19\/mas-conciencia-menos-velocidad-colonia-caroya-habilita-totems-preventivos-en-la-av-san-martin\/","og_site_name":"tirolesahoy.com","article_published_time":"2026-04-19T14:14:21+00:00","article_modified_time":"2026-04-27T14:15:23+00:00","og_image":[{"width":710,"height":480,"url":"http:\/\/tirolesahoy.com\/wp-content\/uploads\/2026\/04\/WhatsApp-Image-2026-04-17-at-17.15.58-710x480-2.jpeg","type":"image\/jpeg"}],"author":"tirolesahoy.com","twitter_card":"summary_large_image","twitter_misc":{"Written by":"tirolesahoy.com","Est. reading time":"2 minutes"},"schema":{"@context":"https:\/\/schema.org","@graph":[{"@type":"Article","@id":"https:\/\/tirolesahoy.com\/index.php\/2026\/04\/19\/mas-conciencia-menos-velocidad-colonia-caroya-habilita-totems-preventivos-en-la-av-san-martin\/#article","isPartOf":{"@id":"https:\/\/tirolesahoy.com\/index.php\/2026\/04\/19\/mas-conciencia-menos-velocidad-colonia-caroya-habilita-totems-preventivos-en-la-av-san-martin\/"},"author":{"name":"tirolesahoy.com","@id":"https:\/\/tirolesahoy.com\/#\/schema\/person\/7fb1e2b33825c05b3324c98dd9415a63"},"headline":"M\u00e1s conciencia, menos velocidad: Colonia Caroya habilita t\u00f3tems preventivos en la Av. San Mart\u00edn","datePublished":"2026-04-19T14:14:21+00:00","dateModified":"2026-04-27T14:15:23+00:00","mainEntityOfPage":{"@id":"https:\/\/tirolesahoy.com\/index.php\/2026\/04\/19\/mas-conciencia-menos-velocidad-colonia-caroya-habilita-totems-preventivos-en-la-av-san-martin\/"},"wordCount":264,"publisher":{"@id":"https:\/\/tirolesahoy.com\/#organization"},"image":{"@id":"https:\/\/tirolesahoy.com\/index.php\/2026\/04\/19\/mas-conciencia-menos-velocidad-colonia-caroya-habilita-totems-preventivos-en-la-av-san-martin\/#primaryimage"},"thumbnailUrl":"https:\/\/tirolesahoy.com\/wp-content\/uploads\/2026\/04\/WhatsApp-Image-2026-04-17-at-17.15.58-710x480-1.jpeg","articleSection":["sociales"],"inLanguage":"en-US"},{"@type":"WebPage","@id":"https:\/\/tirolesahoy.com\/index.php\/2026\/04\/19\/mas-conciencia-menos-velocidad-colonia-caroya-habilita-totems-preventivos-en-la-av-san-martin\/","url":"https:\/\/tirolesahoy.com\/index.php\/2026\/04\/19\/mas-conciencia-menos-velocidad-colonia-caroya-habilita-totems-preventivos-en-la-av-san-martin\/","name":"M\u00e1s conciencia, menos velocidad: Colonia Caroya habilita t\u00f3tems preventivos en la Av. San Mart\u00edn - tirolesahoy.com","isPartOf":{"@id":"https:\/\/tirolesahoy.com\/#website"},"primaryImageOfPage":{"@id":"https:\/\/tirolesahoy.com\/index.php\/2026\/04\/19\/mas-conciencia-menos-velocidad-colonia-caroya-habilita-totems-preventivos-en-la-av-san-martin\/#primaryimage"},"image":{"@id":"https:\/\/tirolesahoy.com\/index.php\/2026\/04\/19\/mas-conciencia-menos-velocidad-colonia-caroya-habilita-totems-preventivos-en-la-av-san-martin\/#primaryimage"},"thumbnailUrl":"https:\/\/tirolesahoy.com\/wp-content\/uploads\/2026\/04\/WhatsApp-Image-2026-04-17-at-17.15.58-710x480-1.jpeg","datePublished":"2026-04-19T14:14:21+00:00","dateModified":"2026-04-27T14:15:23+00:00","breadcrumb":{"@id":"https:\/\/tirolesahoy.com\/index.php\/2026\/04\/19\/mas-conciencia-menos-velocidad-colonia-caroya-habilita-totems-preventivos-en-la-av-san-martin\/#breadcrumb"},"inLanguage":"en-US","potentialAction":[{"@type":"ReadAction","target":["https:\/\/tirolesahoy.com\/index.php\/2026\/04\/19\/mas-conciencia-menos-velocidad-colonia-caroya-habilita-totems-preventivos-en-la-av-san-martin\/"]}]},{"@type":"ImageObject","inLanguage":"en-US","@id":"https:\/\/tirolesahoy.com\/index.php\/2026\/04\/19\/mas-conciencia-menos-velocidad-colonia-caroya-habilita-totems-preventivos-en-la-av-san-martin\/#primaryimage","url":"https:\/\/tirolesahoy.com\/wp-content\/uploads\/2026\/04\/WhatsApp-Image-2026-04-17-at-17.15.58-710x480-1.jpeg","contentUrl":"https:\/\/tirolesahoy.com\/wp-content\/uploads\/2026\/04\/WhatsApp-Image-2026-04-17-at-17.15.58-710x480-1.jpeg","width":710,"height":480},{"@type":"BreadcrumbList","@id":"https:\/\/tirolesahoy.com\/index.php\/2026\/04\/19\/mas-conciencia-menos-velocidad-colonia-caroya-habilita-totems-preventivos-en-la-av-san-martin\/#breadcrumb","itemListElement":[{"@type":"ListItem","position":1,"name":"Home","item":"https:\/\/tirolesahoy.com\/"},{"@type":"ListItem","position":2,"name":"M\u00e1s conciencia, menos velocidad: Colonia Caroya habilita t\u00f3tems preventivos en la Av. San Mart\u00edn"}]},{"@type":"WebSite","@id":"https:\/\/tirolesahoy.com\/#website","url":"https:\/\/tirolesahoy.com\/","name":"tirolesahoy.com","description":"","publisher":{"@id":"https:\/\/tirolesahoy.com\/#organization"},"potentialAction":[{"@type":"SearchAction","target":{"@type":"EntryPoint","urlTemplate":"https:\/\/tirolesahoy.com\/?s={search_term_string}"},"query-input":{"@type":"PropertyValueSpecification","valueRequired":true,"valueName":"search_term_string"}}],"inLanguage":"en-US"},{"@type":"Organization","@id":"https:\/\/tirolesahoy.com\/#organization","name":"tirolesahoy.com","url":"https:\/\/tirolesahoy.com\/","logo":{"@type":"ImageObject","inLanguage":"en-US","@id":"https:\/\/tirolesahoy.com\/#\/schema\/logo\/image\/","url":"https:\/\/tirolesahoy.com\/wp-content\/uploads\/2024\/03\/LOGO-TH-8.png","contentUrl":"https:\/\/tirolesahoy.com\/wp-content\/uploads\/2024\/03\/LOGO-TH-8.png","width":149,"height":93,"caption":"tirolesahoy.com"},"image":{"@id":"https:\/\/tirolesahoy.com\/#\/schema\/logo\/image\/"},"sameAs":["https:\/\/www.instagram.com\/tirolesahoy\/"]},{"@type":"Person","@id":"https:\/\/tirolesahoy.com\/#\/schema\/person\/7fb1e2b33825c05b3324c98dd9415a63","name":"tirolesahoy.com","image":{"@type":"ImageObject","inLanguage":"en-US","@id":"https:\/\/tirolesahoy.com\/#\/schema\/person\/image\/","url":"https:\/\/secure.gravatar.com\/avatar\/e3f77d046163f2c4e6977af93d588471?s=96&d=mm&r=g","contentUrl":"https:\/\/secure.gravatar.com\/avatar\/e3f77d046163f2c4e6977af93d588471?s=96&d=mm&r=g","caption":"tirolesahoy.com"},"sameAs":["http:\/\/tirolesahoy.com"],"url":"https:\/\/tirolesahoy.com\/index.php\/author\/tirolesahoy-com\/"}]}},"_links":{"self":[{"href":"https:\/\/tirolesahoy.com\/index.php\/wp-json\/wp\/v2\/posts\/722"}],"collection":[{"href":"https:\/\/tirolesahoy.com\/index.php\/wp-json\/wp\/v2\/posts"}],"about":[{"href":"https:\/\/tirolesahoy.com\/index.php\/wp-json\/wp\/v2\/types\/post"}],"author":[{"embeddable":true,"href":"https:\/\/tirolesahoy.com\/index.php\/wp-json\/wp\/v2\/users\/1"}],"replies":[{"embeddable":true,"href":"https:\/\/tirolesahoy.com\/index.php\/wp-json\/wp\/v2\/comments?post=722"}],"version-history":[{"count":1,"href":"https:\/\/tirolesahoy.com\/index.php\/wp-json\/wp\/v2\/posts\/722\/revisions"}],"predecessor-version":[{"id":725,"href":"https:\/\/tirolesahoy.com\/index.php\/wp-json\/wp\/v2\/posts\/722\/revisions\/725"}],"wp:featuredmedia":[{"embeddable":true,"href":"https:\/\/tirolesahoy.com\/index.php\/wp-json\/wp\/v2\/media\/723"}],"wp:attachment":[{"href":"https:\/\/tirolesahoy.com\/index.php\/wp-json\/wp\/v2\/media?parent=722"}],"wp:term":[{"taxonomy":"category","embeddable":true,"href":"https:\/\/tirolesahoy.com\/index.php\/wp-json\/wp\/v2\/categories?post=722"},{"taxonomy":"post_tag","embeddable":true,"href":"https:\/\/tirolesahoy.com\/index.php\/wp-json\/wp\/v2\/tags?post=722"}],"curies":[{"name":"wp","href":"https:\/\/api.w.org\/{rel}","templated":true}]}}